{"id":747,"date":"2024-01-15T21:29:40","date_gmt":"2024-01-15T21:29:40","guid":{"rendered":"https:\/\/roxanaparra.com\/?p=747"},"modified":"2026-03-12T15:07:35","modified_gmt":"2026-03-12T15:07:35","slug":"episodio-3-ambientes-laborales-saludables-con-isadora-neira-molina-espanol","status":"publish","type":"post","link":"https:\/\/roxanaparra.com\/es\/episodio-3-ambientes-laborales-saludables-con-isadora-neira-molina-espanol\/","title":{"rendered":"Episodio 3 | Ambientes laborales saludables con Isadora Neira Molina (Espa\u00f1ol)"},"content":{"rendered":"\n<p>En este episodio mi invitada, la Psic\u00f3loga , Isadora Neira, nos revela una enorme cantidad de informaci\u00f3n a partir de su experiencia como gestora del bienestar de los y las trabajadores del \u00e1rea de salud p\u00fablica en un hospital en Santiago de Chile. Su rico an\u00e1lisis de la implementaci\u00f3n de este programa les servir\u00e1 a cuidadores profesionales en diversos roles y \u00e1reas a comprender las bases fundamentales para desarrollar ambientes laborales saludables.<\/p>\n\n\n\n<p><\/p>\n\n\n\n<iframe style=\"border-radius:12px\" src=\"https:\/\/open.spotify.com\/embed\/episode\/3j3q8XLVfts8RbdvEJb8Hw?utm_source=generator&#038;theme=0\" width=\"100%\" height=\"152\" frameBorder=\"0\" allowfullscreen=\"\" allow=\"autoplay; clipboard-write; encrypted-media; fullscreen; picture-in-picture\" loading=\"lazy\"><\/iframe>\n","protected":false},"excerpt":{"rendered":"<p>En este episodio mi invitada, la Psic\u00f3loga , Isadora Neira, nos revela una enorme cantidad de informaci\u00f3n a partir de su experiencia como gestora del bienestar de los y las trabajadores del \u00e1rea de salud p\u00fablica en un hospital en Santiago de Chile. Su rico an\u00e1lisis de la implementaci\u00f3n de este programa les servir\u00e1 a [&hellip;]<\/p>\n","protected":false},"author":2,"featured_media":748,"comment_status":"open","ping_status":"open","sticky":false,"template":"","format":"standard","meta":{"_et_pb_use_builder":"","_et_pb_old_content":"","_et_gb_content_width":"","footnotes":""},"categories":[21,19],"tags":[],"class_list":["post-747","post","type-post","status-publish","format-standard","has-post-thumbnail","hentry","category-espanol","category-podcast"],"yoast_head":"<!-- This site is optimized with the Yoast SEO plugin v27.1.1 - https:\/\/yoast.com\/product\/yoast-seo-wordpress\/ -->\n<title>Episodio 3 | Ambientes laborales saludables con Isadora Neira Molina (Espa\u00f1ol) - Roxana Parra<\/title>\n<meta name=\"description\" content=\"En este episodio mi invitada, la Psic\u00f3loga , Isadora Neira, nos revela una enorme cantidad de informaci\u00f3n a partir de su experiencia como gestora del bienestar de los y las trabajadores del \u00e1rea de salud p\u00fablica en un hospital en Santiago de Chile. Su rico an\u00e1lisis de la implementaci\u00f3n de este programa les servir\u00e1 a cuidadores profesionales en diversos roles y \u00e1reas a comprender las bases fundamentales para desarrollar ambientes laborales saludables.\" \/>\n<meta name=\"robots\" content=\"index, follow, max-snippet:-1, max-image-preview:large, max-video-preview:-1\" \/>\n<link rel=\"canonical\" href=\"https:\/\/roxanaparra.com\/episodio-3-ambientes-laborales-saludables-con-isadora-neira-molina-espanol\/\" \/>\n<meta property=\"og:locale\" content=\"es_ES\" \/>\n<meta property=\"og:type\" content=\"article\" \/>\n<meta property=\"og:title\" content=\"Episodio 3 | Ambientes laborales saludables con Isadora Neira Molina (Espa\u00f1ol) - Roxana Parra\" \/>\n<meta property=\"og:description\" content=\"En este episodio mi invitada, la Psic\u00f3loga , Isadora Neira, nos revela una enorme cantidad de informaci\u00f3n a partir de su experiencia como gestora del bienestar de los y las trabajadores del \u00e1rea de salud p\u00fablica en un hospital en Santiago de Chile. Su rico an\u00e1lisis de la implementaci\u00f3n de este programa les servir\u00e1 a cuidadores profesionales en diversos roles y \u00e1reas a comprender las bases fundamentales para desarrollar ambientes laborales saludables.\" \/>\n<meta property=\"og:url\" content=\"https:\/\/roxanaparra.com\/episodio-3-ambientes-laborales-saludables-con-isadora-neira-molina-espanol\/\" \/>\n<meta property=\"og:site_name\" content=\"Roxana Parra\" \/>\n<meta property=\"article:published_time\" content=\"2024-01-15T21:29:40+00:00\" \/>\n<meta property=\"article:modified_time\" content=\"2026-03-12T15:07:35+00:00\" \/>\n<meta property=\"og:image\" content=\"https:\/\/roxanaparra.com\/wp-content\/uploads\/2024\/01\/Screenshot-2024-01-15-at-21.27.35-e1705354149961.png\" \/>\n\t<meta property=\"og:image:width\" content=\"484\" \/>\n\t<meta property=\"og:image:height\" content=\"459\" \/>\n\t<meta property=\"og:image:type\" content=\"image\/png\" \/>\n<meta name=\"author\" content=\"Roxana Parra\" \/>\n<meta name=\"twitter:card\" content=\"summary_large_image\" \/>\n<meta name=\"twitter:label1\" content=\"Escrito por\" \/>\n\t<meta name=\"twitter:data1\" content=\"Roxana Parra\" \/>\n\t<meta name=\"twitter:label2\" content=\"Tiempo de lectura\" \/>\n\t<meta name=\"twitter:data2\" content=\"1 minuto\" \/>\n<script type=\"application\/ld+json\" class=\"yoast-schema-graph\">{\"@context\":\"https:\/\/schema.org\",\"@graph\":[{\"@type\":\"Article\",\"@id\":\"https:\/\/roxanaparra.com\/episodio-3-ambientes-laborales-saludables-con-isadora-neira-molina-espanol\/#article\",\"isPartOf\":{\"@id\":\"https:\/\/roxanaparra.com\/episodio-3-ambientes-laborales-saludables-con-isadora-neira-molina-espanol\/\"},\"author\":{\"name\":\"Roxana Parra\",\"@id\":\"https:\/\/roxanaparra.com\/#\/schema\/person\/f755d2c1bec742f9e88610c04f86fb32\"},\"headline\":\"Episodio 3 | Ambientes laborales saludables con Isadora Neira Molina (Espa\u00f1ol)\",\"datePublished\":\"2024-01-15T21:29:40+00:00\",\"dateModified\":\"2026-03-12T15:07:35+00:00\",\"mainEntityOfPage\":{\"@id\":\"https:\/\/roxanaparra.com\/episodio-3-ambientes-laborales-saludables-con-isadora-neira-molina-espanol\/\"},\"wordCount\":86,\"commentCount\":0,\"image\":{\"@id\":\"https:\/\/roxanaparra.com\/episodio-3-ambientes-laborales-saludables-con-isadora-neira-molina-espanol\/#primaryimage\"},\"thumbnailUrl\":\"https:\/\/roxanaparra.com\/wp-content\/uploads\/2024\/01\/Screenshot-2024-01-15-at-21.27.35-e1705354149961.png\",\"articleSection\":[\"Espa\u00f1ol\",\"Podcast\"],\"inLanguage\":\"es\",\"potentialAction\":[{\"@type\":\"CommentAction\",\"name\":\"Comment\",\"target\":[\"https:\/\/roxanaparra.com\/episodio-3-ambientes-laborales-saludables-con-isadora-neira-molina-espanol\/#respond\"]}]},{\"@type\":\"WebPage\",\"@id\":\"https:\/\/roxanaparra.com\/episodio-3-ambientes-laborales-saludables-con-isadora-neira-molina-espanol\/\",\"url\":\"https:\/\/roxanaparra.com\/episodio-3-ambientes-laborales-saludables-con-isadora-neira-molina-espanol\/\",\"name\":\"Episodio 3 | Ambientes laborales saludables con Isadora Neira Molina (Espa\u00f1ol) - Roxana Parra\",\"isPartOf\":{\"@id\":\"https:\/\/roxanaparra.com\/#website\"},\"primaryImageOfPage\":{\"@id\":\"https:\/\/roxanaparra.com\/episodio-3-ambientes-laborales-saludables-con-isadora-neira-molina-espanol\/#primaryimage\"},\"image\":{\"@id\":\"https:\/\/roxanaparra.com\/episodio-3-ambientes-laborales-saludables-con-isadora-neira-molina-espanol\/#primaryimage\"},\"thumbnailUrl\":\"https:\/\/roxanaparra.com\/wp-content\/uploads\/2024\/01\/Screenshot-2024-01-15-at-21.27.35-e1705354149961.png\",\"datePublished\":\"2024-01-15T21:29:40+00:00\",\"dateModified\":\"2026-03-12T15:07:35+00:00\",\"author\":{\"@id\":\"https:\/\/roxanaparra.com\/#\/schema\/person\/f755d2c1bec742f9e88610c04f86fb32\"},\"description\":\"En este episodio mi invitada, la Psic\u00f3loga , Isadora Neira, nos revela una enorme cantidad de informaci\u00f3n a partir de su experiencia como gestora del bienestar de los y las trabajadores del \u00e1rea de salud p\u00fablica en un hospital en Santiago de Chile. Su rico an\u00e1lisis de la implementaci\u00f3n de este programa les servir\u00e1 a cuidadores profesionales en diversos roles y \u00e1reas a comprender las bases fundamentales para desarrollar ambientes laborales saludables.\",\"breadcrumb\":{\"@id\":\"https:\/\/roxanaparra.com\/episodio-3-ambientes-laborales-saludables-con-isadora-neira-molina-espanol\/#breadcrumb\"},\"inLanguage\":\"es\",\"potentialAction\":[{\"@type\":\"ReadAction\",\"target\":[\"https:\/\/roxanaparra.com\/episodio-3-ambientes-laborales-saludables-con-isadora-neira-molina-espanol\/\"]}]},{\"@type\":\"ImageObject\",\"inLanguage\":\"es\",\"@id\":\"https:\/\/roxanaparra.com\/episodio-3-ambientes-laborales-saludables-con-isadora-neira-molina-espanol\/#primaryimage\",\"url\":\"https:\/\/roxanaparra.com\/wp-content\/uploads\/2024\/01\/Screenshot-2024-01-15-at-21.27.35-e1705354149961.png\",\"contentUrl\":\"https:\/\/roxanaparra.com\/wp-content\/uploads\/2024\/01\/Screenshot-2024-01-15-at-21.27.35-e1705354149961.png\",\"width\":484,\"height\":459},{\"@type\":\"BreadcrumbList\",\"@id\":\"https:\/\/roxanaparra.com\/episodio-3-ambientes-laborales-saludables-con-isadora-neira-molina-espanol\/#breadcrumb\",\"itemListElement\":[{\"@type\":\"ListItem\",\"position\":1,\"name\":\"Home\",\"item\":\"https:\/\/roxanaparra.com\/es\/\"},{\"@type\":\"ListItem\",\"position\":2,\"name\":\"Episodio 3 | Ambientes laborales saludables con Isadora Neira Molina (Espa\u00f1ol)\"}]},{\"@type\":\"WebSite\",\"@id\":\"https:\/\/roxanaparra.com\/#website\",\"url\":\"https:\/\/roxanaparra.com\/\",\"name\":\"Roxana Parra\",\"description\":\"Just another WordPress site\",\"potentialAction\":[{\"@type\":\"SearchAction\",\"target\":{\"@type\":\"EntryPoint\",\"urlTemplate\":\"https:\/\/roxanaparra.com\/?s={search_term_string}\"},\"query-input\":{\"@type\":\"PropertyValueSpecification\",\"valueRequired\":true,\"valueName\":\"search_term_string\"}}],\"inLanguage\":\"es\"},{\"@type\":\"Person\",\"@id\":\"https:\/\/roxanaparra.com\/#\/schema\/person\/f755d2c1bec742f9e88610c04f86fb32\",\"name\":\"Roxana Parra\",\"image\":{\"@type\":\"ImageObject\",\"inLanguage\":\"es\",\"@id\":\"https:\/\/roxanaparra.com\/#\/schema\/person\/image\/\",\"url\":\"https:\/\/secure.gravatar.com\/avatar\/024e70d3805066e43a71a1e0744e78969ef5b89f2fc0ca1cf7ce95803dba9e45?s=96&d=mm&r=g\",\"contentUrl\":\"https:\/\/secure.gravatar.com\/avatar\/024e70d3805066e43a71a1e0744e78969ef5b89f2fc0ca1cf7ce95803dba9e45?s=96&d=mm&r=g\",\"caption\":\"Roxana Parra\"},\"url\":\"https:\/\/roxanaparra.com\/es\/author\/roxana\/\"}]}<\/script>\n<!-- \/ Yoast SEO plugin. -->","yoast_head_json":{"title":"Episodio 3 | Ambientes laborales saludables con Isadora Neira Molina (Espa\u00f1ol) - Roxana Parra","description":"En este episodio mi invitada, la Psic\u00f3loga , Isadora Neira, nos revela una enorme cantidad de informaci\u00f3n a partir de su experiencia como gestora del bienestar de los y las trabajadores del \u00e1rea de salud p\u00fablica en un hospital en Santiago de Chile. Su rico an\u00e1lisis de la implementaci\u00f3n de este programa les servir\u00e1 a cuidadores profesionales en diversos roles y \u00e1reas a comprender las bases fundamentales para desarrollar ambientes laborales saludables.","robots":{"index":"index","follow":"follow","max-snippet":"max-snippet:-1","max-image-preview":"max-image-preview:large","max-video-preview":"max-video-preview:-1"},"canonical":"https:\/\/roxanaparra.com\/episodio-3-ambientes-laborales-saludables-con-isadora-neira-molina-espanol\/","og_locale":"es_ES","og_type":"article","og_title":"Episodio 3 | Ambientes laborales saludables con Isadora Neira Molina (Espa\u00f1ol) - Roxana Parra","og_description":"En este episodio mi invitada, la Psic\u00f3loga , Isadora Neira, nos revela una enorme cantidad de informaci\u00f3n a partir de su experiencia como gestora del bienestar de los y las trabajadores del \u00e1rea de salud p\u00fablica en un hospital en Santiago de Chile. Su rico an\u00e1lisis de la implementaci\u00f3n de este programa les servir\u00e1 a cuidadores profesionales en diversos roles y \u00e1reas a comprender las bases fundamentales para desarrollar ambientes laborales saludables.","og_url":"https:\/\/roxanaparra.com\/episodio-3-ambientes-laborales-saludables-con-isadora-neira-molina-espanol\/","og_site_name":"Roxana Parra","article_published_time":"2024-01-15T21:29:40+00:00","article_modified_time":"2026-03-12T15:07:35+00:00","og_image":[{"width":484,"height":459,"url":"https:\/\/roxanaparra.com\/wp-content\/uploads\/2024\/01\/Screenshot-2024-01-15-at-21.27.35-e1705354149961.png","type":"image\/png"}],"author":"Roxana Parra","twitter_card":"summary_large_image","twitter_misc":{"Escrito por":"Roxana Parra","Tiempo de lectura":"1 minuto"},"schema":{"@context":"https:\/\/schema.org","@graph":[{"@type":"Article","@id":"https:\/\/roxanaparra.com\/episodio-3-ambientes-laborales-saludables-con-isadora-neira-molina-espanol\/#article","isPartOf":{"@id":"https:\/\/roxanaparra.com\/episodio-3-ambientes-laborales-saludables-con-isadora-neira-molina-espanol\/"},"author":{"name":"Roxana Parra","@id":"https:\/\/roxanaparra.com\/#\/schema\/person\/f755d2c1bec742f9e88610c04f86fb32"},"headline":"Episodio 3 | Ambientes laborales saludables con Isadora Neira Molina (Espa\u00f1ol)","datePublished":"2024-01-15T21:29:40+00:00","dateModified":"2026-03-12T15:07:35+00:00","mainEntityOfPage":{"@id":"https:\/\/roxanaparra.com\/episodio-3-ambientes-laborales-saludables-con-isadora-neira-molina-espanol\/"},"wordCount":86,"commentCount":0,"image":{"@id":"https:\/\/roxanaparra.com\/episodio-3-ambientes-laborales-saludables-con-isadora-neira-molina-espanol\/#primaryimage"},"thumbnailUrl":"https:\/\/roxanaparra.com\/wp-content\/uploads\/2024\/01\/Screenshot-2024-01-15-at-21.27.35-e1705354149961.png","articleSection":["Espa\u00f1ol","Podcast"],"inLanguage":"es","potentialAction":[{"@type":"CommentAction","name":"Comment","target":["https:\/\/roxanaparra.com\/episodio-3-ambientes-laborales-saludables-con-isadora-neira-molina-espanol\/#respond"]}]},{"@type":"WebPage","@id":"https:\/\/roxanaparra.com\/episodio-3-ambientes-laborales-saludables-con-isadora-neira-molina-espanol\/","url":"https:\/\/roxanaparra.com\/episodio-3-ambientes-laborales-saludables-con-isadora-neira-molina-espanol\/","name":"Episodio 3 | Ambientes laborales saludables con Isadora Neira Molina (Espa\u00f1ol) - Roxana Parra","isPartOf":{"@id":"https:\/\/roxanaparra.com\/#website"},"primaryImageOfPage":{"@id":"https:\/\/roxanaparra.com\/episodio-3-ambientes-laborales-saludables-con-isadora-neira-molina-espanol\/#primaryimage"},"image":{"@id":"https:\/\/roxanaparra.com\/episodio-3-ambientes-laborales-saludables-con-isadora-neira-molina-espanol\/#primaryimage"},"thumbnailUrl":"https:\/\/roxanaparra.com\/wp-content\/uploads\/2024\/01\/Screenshot-2024-01-15-at-21.27.35-e1705354149961.png","datePublished":"2024-01-15T21:29:40+00:00","dateModified":"2026-03-12T15:07:35+00:00","author":{"@id":"https:\/\/roxanaparra.com\/#\/schema\/person\/f755d2c1bec742f9e88610c04f86fb32"},"description":"En este episodio mi invitada, la Psic\u00f3loga , Isadora Neira, nos revela una enorme cantidad de informaci\u00f3n a partir de su experiencia como gestora del bienestar de los y las trabajadores del \u00e1rea de salud p\u00fablica en un hospital en Santiago de Chile. Su rico an\u00e1lisis de la implementaci\u00f3n de este programa les servir\u00e1 a cuidadores profesionales en diversos roles y \u00e1reas a comprender las bases fundamentales para desarrollar ambientes laborales saludables.","breadcrumb":{"@id":"https:\/\/roxanaparra.com\/episodio-3-ambientes-laborales-saludables-con-isadora-neira-molina-espanol\/#breadcrumb"},"inLanguage":"es","potentialAction":[{"@type":"ReadAction","target":["https:\/\/roxanaparra.com\/episodio-3-ambientes-laborales-saludables-con-isadora-neira-molina-espanol\/"]}]},{"@type":"ImageObject","inLanguage":"es","@id":"https:\/\/roxanaparra.com\/episodio-3-ambientes-laborales-saludables-con-isadora-neira-molina-espanol\/#primaryimage","url":"https:\/\/roxanaparra.com\/wp-content\/uploads\/2024\/01\/Screenshot-2024-01-15-at-21.27.35-e1705354149961.png","contentUrl":"https:\/\/roxanaparra.com\/wp-content\/uploads\/2024\/01\/Screenshot-2024-01-15-at-21.27.35-e1705354149961.png","width":484,"height":459},{"@type":"BreadcrumbList","@id":"https:\/\/roxanaparra.com\/episodio-3-ambientes-laborales-saludables-con-isadora-neira-molina-espanol\/#breadcrumb","itemListElement":[{"@type":"ListItem","position":1,"name":"Home","item":"https:\/\/roxanaparra.com\/es\/"},{"@type":"ListItem","position":2,"name":"Episodio 3 | Ambientes laborales saludables con Isadora Neira Molina (Espa\u00f1ol)"}]},{"@type":"WebSite","@id":"https:\/\/roxanaparra.com\/#website","url":"https:\/\/roxanaparra.com\/","name":"Roxana Parra","description":"Just another WordPress site","potentialAction":[{"@type":"SearchAction","target":{"@type":"EntryPoint","urlTemplate":"https:\/\/roxanaparra.com\/?s={search_term_string}"},"query-input":{"@type":"PropertyValueSpecification","valueRequired":true,"valueName":"search_term_string"}}],"inLanguage":"es"},{"@type":"Person","@id":"https:\/\/roxanaparra.com\/#\/schema\/person\/f755d2c1bec742f9e88610c04f86fb32","name":"Roxana Parra","image":{"@type":"ImageObject","inLanguage":"es","@id":"https:\/\/roxanaparra.com\/#\/schema\/person\/image\/","url":"https:\/\/secure.gravatar.com\/avatar\/024e70d3805066e43a71a1e0744e78969ef5b89f2fc0ca1cf7ce95803dba9e45?s=96&d=mm&r=g","contentUrl":"https:\/\/secure.gravatar.com\/avatar\/024e70d3805066e43a71a1e0744e78969ef5b89f2fc0ca1cf7ce95803dba9e45?s=96&d=mm&r=g","caption":"Roxana Parra"},"url":"https:\/\/roxanaparra.com\/es\/author\/roxana\/"}]}},"_links":{"self":[{"href":"https:\/\/roxanaparra.com\/es\/wp-json\/wp\/v2\/posts\/747","targetHints":{"allow":["GET"]}}],"collection":[{"href":"https:\/\/roxanaparra.com\/es\/wp-json\/wp\/v2\/posts"}],"about":[{"href":"https:\/\/roxanaparra.com\/es\/wp-json\/wp\/v2\/types\/post"}],"author":[{"embeddable":true,"href":"https:\/\/roxanaparra.com\/es\/wp-json\/wp\/v2\/users\/2"}],"replies":[{"embeddable":true,"href":"https:\/\/roxanaparra.com\/es\/wp-json\/wp\/v2\/comments?post=747"}],"version-history":[{"count":1,"href":"https:\/\/roxanaparra.com\/es\/wp-json\/wp\/v2\/posts\/747\/revisions"}],"predecessor-version":[{"id":750,"href":"https:\/\/roxanaparra.com\/es\/wp-json\/wp\/v2\/posts\/747\/revisions\/750"}],"wp:featuredmedia":[{"embeddable":true,"href":"https:\/\/roxanaparra.com\/es\/wp-json\/wp\/v2\/media\/748"}],"wp:attachment":[{"href":"https:\/\/roxanaparra.com\/es\/wp-json\/wp\/v2\/media?parent=747"}],"wp:term":[{"taxonomy":"category","embeddable":true,"href":"https:\/\/roxanaparra.com\/es\/wp-json\/wp\/v2\/categories?post=747"},{"taxonomy":"post_tag","embeddable":true,"href":"https:\/\/roxanaparra.com\/es\/wp-json\/wp\/v2\/tags?post=747"}],"curies":[{"name":"wp","href":"https:\/\/api.w.org\/{rel}","templated":true}]}}