{"id":895,"date":"2024-10-16T15:33:00","date_gmt":"2024-10-16T15:33:00","guid":{"rendered":"https:\/\/roxanaparra.com\/?p=895"},"modified":"2026-04-28T15:45:35","modified_gmt":"2026-04-28T15:45:35","slug":"episodio-13-como-nos-impacta-escuchar-historias-traumaticas-con-german-morales","status":"publish","type":"post","link":"https:\/\/roxanaparra.com\/es\/episodio-13-como-nos-impacta-escuchar-historias-traumaticas-con-german-morales\/","title":{"rendered":"Episodio 13 | C\u00f3mo nos impacta escuchar historias traum\u00e1ticas con Germ\u00e1n Morales"},"content":{"rendered":"\n<p>Este nuevo episodio aborda un tema de gran relevancia para quienes trabajan en entornos donde la exposici\u00f3n a historias traum\u00e1ticas es frecuente, como en la psicolog\u00eda, el trabajo social, la medicina o el derecho.<\/p>\n\n\n\n<div style=\"height:50px\" aria-hidden=\"true\" class=\"wp-block-spacer\"><\/div>\n\n\n\n<iframe data-testid=\"embed-iframe\" style=\"border-radius:12px\" src=\"https:\/\/open.spotify.com\/embed\/episode\/1pYs1SlGkMxynsdZFrqwkc?utm_source=generator\" width=\"100%\" height=\"352\" frameBorder=\"0\" allowfullscreen=\"\" allow=\"autoplay; clipboard-write; encrypted-media; fullscreen; picture-in-picture\" loading=\"lazy\"><\/iframe>\n\n\n\n<div style=\"height:50px\" aria-hidden=\"true\" class=\"wp-block-spacer\"><\/div>\n\n\n\n<p>El psic\u00f3logo cl\u00ednico chileno Germ\u00e1n Morales analiza el impacto emocional y psicol\u00f3gico que tiene para los profesionales escuchar relatos traum\u00e1ticos de manera constante. Este fen\u00f3meno es conocido como fatiga por compasi\u00f3n o trauma vicario, y puede afectar seriamente el bienestar emocional de quienes lo experimentan.<br>Germ\u00e1n Morales ayuda a los oyentes a visualizar c\u00f3mo este tipo de trabajo puede generar un desgaste emocional profundo, afectando no s\u00f3lo la calidad del trabajo, sino tambi\u00e9n el bienestar general. Adem\u00e1s, explora estrategias para metabolizar las emociones, es decir, para procesarlas y liberarlas de una manera saludable, lo cual es crucial para evitar el agotamiento o el burnout.<br>Este episodio nos trae un tema importante para quienes buscan herramientas para manejar mejor el estr\u00e9s derivado del trabajo en entornos de alta demanda emocional.<br>Germ\u00e1n Morales Psic\u00f3logo Cl\u00ednico y Mag\u00edster en psicolog\u00eda, UCProfesor Asociado, Universidad Cat\u00f3lica de Chile Especialista en trauma, duelo y desgaste.<\/p>\n\n\n\n<p>Autor entre otras publicaciones<\/p>\n\n\n\n<p>Morales, G &amp; Olivari, C. (2011). Psicoterapia de ni\u00f1os, ni\u00f1as y adolescentes: Una mirada sist\u00e9mico relacional EPUC\/LOMMorales, G.; Ort\u00fazar, B. &amp; Thumala, E. (2011).<\/p>\n\n\n\n<p>Psicoterapia psicoanal\u00edtica de grupos y v\u00ednculos. Orjikh Editores.Lira, E.; Cornejo, M. &amp; Morales, G. Eds (2022).<\/p>\n","protected":false},"excerpt":{"rendered":"<p>Este nuevo episodio aborda un tema de gran relevancia para quienes trabajan en entornos donde la exposici\u00f3n a historias traum\u00e1ticas es frecuente, como en la psicolog\u00eda, el trabajo social, la medicina o el derecho. El psic\u00f3logo cl\u00ednico chileno Germ\u00e1n Morales analiza el impacto emocional y psicol\u00f3gico que tiene para los profesionales escuchar relatos traum\u00e1ticos de [&hellip;]<\/p>\n","protected":false},"author":1,"featured_media":897,"comment_status":"closed","ping_status":"open","sticky":false,"template":"","format":"standard","meta":{"_et_pb_use_builder":"","_et_pb_old_content":"","_et_gb_content_width":"","footnotes":""},"categories":[21,19],"tags":[],"class_list":["post-895","post","type-post","status-publish","format-standard","has-post-thumbnail","hentry","category-espanol","category-podcast"],"yoast_head":"<!-- This site is optimized with the Yoast SEO plugin v27.1.1 - https:\/\/yoast.com\/product\/yoast-seo-wordpress\/ -->\n<title>Episodio 13 | C\u00f3mo nos impacta escuchar historias traum\u00e1ticas con Germ\u00e1n Morales - Roxana Parra<\/title>\n<meta name=\"description\" content=\"El impacto emocional y psicol\u00f3gico que tiene para los profesionales escuchar relatos traum\u00e1ticos de manera constante.\" \/>\n<meta name=\"robots\" content=\"index, follow, max-snippet:-1, max-image-preview:large, max-video-preview:-1\" \/>\n<link rel=\"canonical\" href=\"https:\/\/roxanaparra.com\/episodio-13-como-nos-impacta-escuchar-historias-traumaticas-con-german-morales\/\" \/>\n<meta property=\"og:locale\" content=\"es_ES\" \/>\n<meta property=\"og:type\" content=\"article\" \/>\n<meta property=\"og:title\" content=\"Episodio 13 | C\u00f3mo nos impacta escuchar historias traum\u00e1ticas con Germ\u00e1n Morales - Roxana Parra\" \/>\n<meta property=\"og:description\" content=\"El impacto emocional y psicol\u00f3gico que tiene para los profesionales escuchar relatos traum\u00e1ticos de manera constante.\" \/>\n<meta property=\"og:url\" content=\"https:\/\/roxanaparra.com\/episodio-13-como-nos-impacta-escuchar-historias-traumaticas-con-german-morales\/\" \/>\n<meta property=\"og:site_name\" content=\"Roxana Parra\" \/>\n<meta property=\"article:published_time\" content=\"2024-10-16T15:33:00+00:00\" \/>\n<meta property=\"article:modified_time\" content=\"2026-04-28T15:45:35+00:00\" \/>\n<meta property=\"og:image\" content=\"https:\/\/roxanaparra.com\/wp-content\/uploads\/2024\/10\/German-Morales-psycologo-traumas.webp\" \/>\n\t<meta property=\"og:image:width\" content=\"512\" \/>\n\t<meta property=\"og:image:height\" content=\"512\" \/>\n\t<meta property=\"og:image:type\" content=\"image\/webp\" \/>\n<meta name=\"author\" content=\"admin\" \/>\n<meta name=\"twitter:card\" content=\"summary_large_image\" \/>\n<meta name=\"twitter:label1\" content=\"Escrito por\" \/>\n\t<meta name=\"twitter:data1\" content=\"admin\" \/>\n\t<meta name=\"twitter:label2\" content=\"Tiempo de lectura\" \/>\n\t<meta name=\"twitter:data2\" content=\"2 minutos\" \/>\n<script type=\"application\/ld+json\" class=\"yoast-schema-graph\">{\"@context\":\"https:\/\/schema.org\",\"@graph\":[{\"@type\":\"Article\",\"@id\":\"https:\/\/roxanaparra.com\/episodio-13-como-nos-impacta-escuchar-historias-traumaticas-con-german-morales\/#article\",\"isPartOf\":{\"@id\":\"https:\/\/roxanaparra.com\/episodio-13-como-nos-impacta-escuchar-historias-traumaticas-con-german-morales\/\"},\"author\":{\"name\":\"admin\",\"@id\":\"https:\/\/roxanaparra.com\/#\/schema\/person\/095a25cf450e19abf9a3d1e3de686253\"},\"headline\":\"Episodio 13 | C\u00f3mo nos impacta escuchar historias traum\u00e1ticas con Germ\u00e1n Morales\",\"datePublished\":\"2024-10-16T15:33:00+00:00\",\"dateModified\":\"2026-04-28T15:45:35+00:00\",\"mainEntityOfPage\":{\"@id\":\"https:\/\/roxanaparra.com\/episodio-13-como-nos-impacta-escuchar-historias-traumaticas-con-german-morales\/\"},\"wordCount\":267,\"image\":{\"@id\":\"https:\/\/roxanaparra.com\/episodio-13-como-nos-impacta-escuchar-historias-traumaticas-con-german-morales\/#primaryimage\"},\"thumbnailUrl\":\"https:\/\/roxanaparra.com\/wp-content\/uploads\/2024\/10\/German-Morales-psycologo-traumas.webp\",\"articleSection\":[\"Espa\u00f1ol\",\"Podcast\"],\"inLanguage\":\"es\"},{\"@type\":\"WebPage\",\"@id\":\"https:\/\/roxanaparra.com\/episodio-13-como-nos-impacta-escuchar-historias-traumaticas-con-german-morales\/\",\"url\":\"https:\/\/roxanaparra.com\/episodio-13-como-nos-impacta-escuchar-historias-traumaticas-con-german-morales\/\",\"name\":\"Episodio 13 | C\u00f3mo nos impacta escuchar historias traum\u00e1ticas con Germ\u00e1n Morales - Roxana Parra\",\"isPartOf\":{\"@id\":\"https:\/\/roxanaparra.com\/#website\"},\"primaryImageOfPage\":{\"@id\":\"https:\/\/roxanaparra.com\/episodio-13-como-nos-impacta-escuchar-historias-traumaticas-con-german-morales\/#primaryimage\"},\"image\":{\"@id\":\"https:\/\/roxanaparra.com\/episodio-13-como-nos-impacta-escuchar-historias-traumaticas-con-german-morales\/#primaryimage\"},\"thumbnailUrl\":\"https:\/\/roxanaparra.com\/wp-content\/uploads\/2024\/10\/German-Morales-psycologo-traumas.webp\",\"datePublished\":\"2024-10-16T15:33:00+00:00\",\"dateModified\":\"2026-04-28T15:45:35+00:00\",\"author\":{\"@id\":\"https:\/\/roxanaparra.com\/#\/schema\/person\/095a25cf450e19abf9a3d1e3de686253\"},\"description\":\"El impacto emocional y psicol\u00f3gico que tiene para los profesionales escuchar relatos traum\u00e1ticos de manera constante.\",\"breadcrumb\":{\"@id\":\"https:\/\/roxanaparra.com\/episodio-13-como-nos-impacta-escuchar-historias-traumaticas-con-german-morales\/#breadcrumb\"},\"inLanguage\":\"es\",\"potentialAction\":[{\"@type\":\"ReadAction\",\"target\":[\"https:\/\/roxanaparra.com\/episodio-13-como-nos-impacta-escuchar-historias-traumaticas-con-german-morales\/\"]}]},{\"@type\":\"ImageObject\",\"inLanguage\":\"es\",\"@id\":\"https:\/\/roxanaparra.com\/episodio-13-como-nos-impacta-escuchar-historias-traumaticas-con-german-morales\/#primaryimage\",\"url\":\"https:\/\/roxanaparra.com\/wp-content\/uploads\/2024\/10\/German-Morales-psycologo-traumas.webp\",\"contentUrl\":\"https:\/\/roxanaparra.com\/wp-content\/uploads\/2024\/10\/German-Morales-psycologo-traumas.webp\",\"width\":512,\"height\":512,\"caption\":\"German Morales trauma y psicologia. Podcast guest\"},{\"@type\":\"BreadcrumbList\",\"@id\":\"https:\/\/roxanaparra.com\/episodio-13-como-nos-impacta-escuchar-historias-traumaticas-con-german-morales\/#breadcrumb\",\"itemListElement\":[{\"@type\":\"ListItem\",\"position\":1,\"name\":\"Home\",\"item\":\"https:\/\/roxanaparra.com\/es\/\"},{\"@type\":\"ListItem\",\"position\":2,\"name\":\"Episodio 13 | C\u00f3mo nos impacta escuchar historias traum\u00e1ticas con Germ\u00e1n Morales\"}]},{\"@type\":\"WebSite\",\"@id\":\"https:\/\/roxanaparra.com\/#website\",\"url\":\"https:\/\/roxanaparra.com\/\",\"name\":\"Roxana Parra\",\"description\":\"Just another WordPress site\",\"potentialAction\":[{\"@type\":\"SearchAction\",\"target\":{\"@type\":\"EntryPoint\",\"urlTemplate\":\"https:\/\/roxanaparra.com\/?s={search_term_string}\"},\"query-input\":{\"@type\":\"PropertyValueSpecification\",\"valueRequired\":true,\"valueName\":\"search_term_string\"}}],\"inLanguage\":\"es\"},{\"@type\":\"Person\",\"@id\":\"https:\/\/roxanaparra.com\/#\/schema\/person\/095a25cf450e19abf9a3d1e3de686253\",\"name\":\"admin\",\"image\":{\"@type\":\"ImageObject\",\"inLanguage\":\"es\",\"@id\":\"https:\/\/roxanaparra.com\/#\/schema\/person\/image\/\",\"url\":\"https:\/\/secure.gravatar.com\/avatar\/4d391be5561b19cb92f4e7d943bba079638fcd3c72b9ab8a38a4d5b3664d40d2?s=96&d=mm&r=g\",\"contentUrl\":\"https:\/\/secure.gravatar.com\/avatar\/4d391be5561b19cb92f4e7d943bba079638fcd3c72b9ab8a38a4d5b3664d40d2?s=96&d=mm&r=g\",\"caption\":\"admin\"},\"sameAs\":[\"https:\/\/roxanaparra.com\"],\"url\":\"https:\/\/roxanaparra.com\/es\/author\/julia\/\"}]}<\/script>\n<!-- \/ Yoast SEO plugin. -->","yoast_head_json":{"title":"Episodio 13 | C\u00f3mo nos impacta escuchar historias traum\u00e1ticas con Germ\u00e1n Morales - Roxana Parra","description":"El impacto emocional y psicol\u00f3gico que tiene para los profesionales escuchar relatos traum\u00e1ticos de manera constante.","robots":{"index":"index","follow":"follow","max-snippet":"max-snippet:-1","max-image-preview":"max-image-preview:large","max-video-preview":"max-video-preview:-1"},"canonical":"https:\/\/roxanaparra.com\/episodio-13-como-nos-impacta-escuchar-historias-traumaticas-con-german-morales\/","og_locale":"es_ES","og_type":"article","og_title":"Episodio 13 | C\u00f3mo nos impacta escuchar historias traum\u00e1ticas con Germ\u00e1n Morales - Roxana Parra","og_description":"El impacto emocional y psicol\u00f3gico que tiene para los profesionales escuchar relatos traum\u00e1ticos de manera constante.","og_url":"https:\/\/roxanaparra.com\/episodio-13-como-nos-impacta-escuchar-historias-traumaticas-con-german-morales\/","og_site_name":"Roxana Parra","article_published_time":"2024-10-16T15:33:00+00:00","article_modified_time":"2026-04-28T15:45:35+00:00","og_image":[{"width":512,"height":512,"url":"https:\/\/roxanaparra.com\/wp-content\/uploads\/2024\/10\/German-Morales-psycologo-traumas.webp","type":"image\/webp"}],"author":"admin","twitter_card":"summary_large_image","twitter_misc":{"Escrito por":"admin","Tiempo de lectura":"2 minutos"},"schema":{"@context":"https:\/\/schema.org","@graph":[{"@type":"Article","@id":"https:\/\/roxanaparra.com\/episodio-13-como-nos-impacta-escuchar-historias-traumaticas-con-german-morales\/#article","isPartOf":{"@id":"https:\/\/roxanaparra.com\/episodio-13-como-nos-impacta-escuchar-historias-traumaticas-con-german-morales\/"},"author":{"name":"admin","@id":"https:\/\/roxanaparra.com\/#\/schema\/person\/095a25cf450e19abf9a3d1e3de686253"},"headline":"Episodio 13 | C\u00f3mo nos impacta escuchar historias traum\u00e1ticas con Germ\u00e1n Morales","datePublished":"2024-10-16T15:33:00+00:00","dateModified":"2026-04-28T15:45:35+00:00","mainEntityOfPage":{"@id":"https:\/\/roxanaparra.com\/episodio-13-como-nos-impacta-escuchar-historias-traumaticas-con-german-morales\/"},"wordCount":267,"image":{"@id":"https:\/\/roxanaparra.com\/episodio-13-como-nos-impacta-escuchar-historias-traumaticas-con-german-morales\/#primaryimage"},"thumbnailUrl":"https:\/\/roxanaparra.com\/wp-content\/uploads\/2024\/10\/German-Morales-psycologo-traumas.webp","articleSection":["Espa\u00f1ol","Podcast"],"inLanguage":"es"},{"@type":"WebPage","@id":"https:\/\/roxanaparra.com\/episodio-13-como-nos-impacta-escuchar-historias-traumaticas-con-german-morales\/","url":"https:\/\/roxanaparra.com\/episodio-13-como-nos-impacta-escuchar-historias-traumaticas-con-german-morales\/","name":"Episodio 13 | C\u00f3mo nos impacta escuchar historias traum\u00e1ticas con Germ\u00e1n Morales - Roxana Parra","isPartOf":{"@id":"https:\/\/roxanaparra.com\/#website"},"primaryImageOfPage":{"@id":"https:\/\/roxanaparra.com\/episodio-13-como-nos-impacta-escuchar-historias-traumaticas-con-german-morales\/#primaryimage"},"image":{"@id":"https:\/\/roxanaparra.com\/episodio-13-como-nos-impacta-escuchar-historias-traumaticas-con-german-morales\/#primaryimage"},"thumbnailUrl":"https:\/\/roxanaparra.com\/wp-content\/uploads\/2024\/10\/German-Morales-psycologo-traumas.webp","datePublished":"2024-10-16T15:33:00+00:00","dateModified":"2026-04-28T15:45:35+00:00","author":{"@id":"https:\/\/roxanaparra.com\/#\/schema\/person\/095a25cf450e19abf9a3d1e3de686253"},"description":"El impacto emocional y psicol\u00f3gico que tiene para los profesionales escuchar relatos traum\u00e1ticos de manera constante.","breadcrumb":{"@id":"https:\/\/roxanaparra.com\/episodio-13-como-nos-impacta-escuchar-historias-traumaticas-con-german-morales\/#breadcrumb"},"inLanguage":"es","potentialAction":[{"@type":"ReadAction","target":["https:\/\/roxanaparra.com\/episodio-13-como-nos-impacta-escuchar-historias-traumaticas-con-german-morales\/"]}]},{"@type":"ImageObject","inLanguage":"es","@id":"https:\/\/roxanaparra.com\/episodio-13-como-nos-impacta-escuchar-historias-traumaticas-con-german-morales\/#primaryimage","url":"https:\/\/roxanaparra.com\/wp-content\/uploads\/2024\/10\/German-Morales-psycologo-traumas.webp","contentUrl":"https:\/\/roxanaparra.com\/wp-content\/uploads\/2024\/10\/German-Morales-psycologo-traumas.webp","width":512,"height":512,"caption":"German Morales trauma y psicologia. Podcast guest"},{"@type":"BreadcrumbList","@id":"https:\/\/roxanaparra.com\/episodio-13-como-nos-impacta-escuchar-historias-traumaticas-con-german-morales\/#breadcrumb","itemListElement":[{"@type":"ListItem","position":1,"name":"Home","item":"https:\/\/roxanaparra.com\/es\/"},{"@type":"ListItem","position":2,"name":"Episodio 13 | C\u00f3mo nos impacta escuchar historias traum\u00e1ticas con Germ\u00e1n Morales"}]},{"@type":"WebSite","@id":"https:\/\/roxanaparra.com\/#website","url":"https:\/\/roxanaparra.com\/","name":"Roxana Parra","description":"Just another WordPress site","potentialAction":[{"@type":"SearchAction","target":{"@type":"EntryPoint","urlTemplate":"https:\/\/roxanaparra.com\/?s={search_term_string}"},"query-input":{"@type":"PropertyValueSpecification","valueRequired":true,"valueName":"search_term_string"}}],"inLanguage":"es"},{"@type":"Person","@id":"https:\/\/roxanaparra.com\/#\/schema\/person\/095a25cf450e19abf9a3d1e3de686253","name":"admin","image":{"@type":"ImageObject","inLanguage":"es","@id":"https:\/\/roxanaparra.com\/#\/schema\/person\/image\/","url":"https:\/\/secure.gravatar.com\/avatar\/4d391be5561b19cb92f4e7d943bba079638fcd3c72b9ab8a38a4d5b3664d40d2?s=96&d=mm&r=g","contentUrl":"https:\/\/secure.gravatar.com\/avatar\/4d391be5561b19cb92f4e7d943bba079638fcd3c72b9ab8a38a4d5b3664d40d2?s=96&d=mm&r=g","caption":"admin"},"sameAs":["https:\/\/roxanaparra.com"],"url":"https:\/\/roxanaparra.com\/es\/author\/julia\/"}]}},"_links":{"self":[{"href":"https:\/\/roxanaparra.com\/es\/wp-json\/wp\/v2\/posts\/895","targetHints":{"allow":["GET"]}}],"collection":[{"href":"https:\/\/roxanaparra.com\/es\/wp-json\/wp\/v2\/posts"}],"about":[{"href":"https:\/\/roxanaparra.com\/es\/wp-json\/wp\/v2\/types\/post"}],"author":[{"embeddable":true,"href":"https:\/\/roxanaparra.com\/es\/wp-json\/wp\/v2\/users\/1"}],"replies":[{"embeddable":true,"href":"https:\/\/roxanaparra.com\/es\/wp-json\/wp\/v2\/comments?post=895"}],"version-history":[{"count":1,"href":"https:\/\/roxanaparra.com\/es\/wp-json\/wp\/v2\/posts\/895\/revisions"}],"predecessor-version":[{"id":896,"href":"https:\/\/roxanaparra.com\/es\/wp-json\/wp\/v2\/posts\/895\/revisions\/896"}],"wp:featuredmedia":[{"embeddable":true,"href":"https:\/\/roxanaparra.com\/es\/wp-json\/wp\/v2\/media\/897"}],"wp:attachment":[{"href":"https:\/\/roxanaparra.com\/es\/wp-json\/wp\/v2\/media?parent=895"}],"wp:term":[{"taxonomy":"category","embeddable":true,"href":"https:\/\/roxanaparra.com\/es\/wp-json\/wp\/v2\/categories?post=895"},{"taxonomy":"post_tag","embeddable":true,"href":"https:\/\/roxanaparra.com\/es\/wp-json\/wp\/v2\/tags?post=895"}],"curies":[{"name":"wp","href":"https:\/\/api.w.org\/{rel}","templated":true}]}}